{"id":7012,"date":"2026-09-02T21:17:16","date_gmt":"2026-09-03T04:17:16","guid":{"rendered":"https:\/\/blackcap.name\/blog\/new\/?p=7012"},"modified":"2026-09-02T21:30:52","modified_gmt":"2026-09-03T04:30:52","slug":"el-nino-and-the-coming-winter","status":"publish","type":"post","link":"https:\/\/blackcap.name\/blog\/new\/?p=7012","title":{"rendered":"El Ni\u00f1o and the Coming Winter"},"content":{"rendered":"\n<p>There is a lot of chatter about how we are in for a drought next year because we are in for an El Ni\u00f1o winter this year.<\/p>\n\n\n\n<p><em>This is not necessarily so.<\/em> In fact, it is not very likely in my view.<\/p>\n\n\n\n<p>The strong correlation between El Ni\u00f1o and winter in this climate is with temperature, not precipitation: El Ni\u00f1o winters tend to be milder than average. So it is safe to bet that we are in for a milder than normal winter.<\/p>\n\n\n\n<p>The correlation between El Ni\u00f1o and winter precipitation in this climate is not nearly so strong. Yes, our worst drought winters tend to be El Ni\u00f1o winters. No disagreement there. But that is the reverse of the correlation of interest: the correlation between A and B is not necessarily identical to the correlation between B and A.<\/p>\n\n\n\n<p>In particular, the strongest El Ni\u00f1o events tend to be correlated with mild, wet winters in this region, not mild, dry ones. And the current El Ni\u00f1o is forecast to be exceptionally strong. Those drought winters? They tend to be correlated with normal to weak El Ni\u00f1o events, not the strongest ones.<\/p>\n\n\n\n<p>Don\u2019t take my word for it, here are the NOAA National Climate Data Center maps of temperature and precipitation anomalies of moderate-to-strong El Ni\u00f1o winters:<\/p>\n\n\n\n<figure class=\"wp-block-image size-full\"><a href=\"https:\/\/blackcap.name\/blog\/new\/wp-content\/uploads\/2026\/09\/djf_strong_precip.png\"><img loading=\"lazy\" decoding=\"async\" width=\"550\" height=\"500\" src=\"https:\/\/blackcap.name\/blog\/new\/wp-content\/uploads\/2026\/09\/djf_strong_precip.png\" alt=\"\" class=\"wp-image-7014\" srcset=\"https:\/\/blackcap.name\/blog\/new\/wp-content\/uploads\/2026\/09\/djf_strong_precip.png 550w, https:\/\/blackcap.name\/blog\/new\/wp-content\/uploads\/2026\/09\/djf_strong_precip-300x273.png 300w\" sizes=\"auto, (max-width: 550px) 100vw, 550px\" \/><\/a><\/figure>\n\n\n\n<figure class=\"wp-block-image size-full\"><a href=\"https:\/\/blackcap.name\/blog\/new\/wp-content\/uploads\/2026\/09\/djf_strong_temp.png\"><img loading=\"lazy\" decoding=\"async\" width=\"550\" height=\"499\" src=\"https:\/\/blackcap.name\/blog\/new\/wp-content\/uploads\/2026\/09\/djf_strong_temp.png\" alt=\"\" class=\"wp-image-7015\" srcset=\"https:\/\/blackcap.name\/blog\/new\/wp-content\/uploads\/2026\/09\/djf_strong_temp.png 550w, https:\/\/blackcap.name\/blog\/new\/wp-content\/uploads\/2026\/09\/djf_strong_temp-300x272.png 300w\" sizes=\"auto, (max-width: 550px) 100vw, 550px\" \/><\/a><\/figure>\n\n\n\n<p>Source <a href=\"https:\/\/www.weather.gov\/mhx\/ensoninoanomalies\">here<\/a>.<\/p>\n\n\n\n<p>It is likely that these milder than average conditions will result in higher than average snow levels, and thus a subpar ski season and a subpar snowpack in general. But that is a different thing from drought-level subpar snowpack. Other strong El Ni\u00f1o winters have generally not been drought winters, therefore I do not expect the coming winter to be one.<\/p>\n\n\n\n<p>Finally, <em>this does not mean no cold, snowy spells this winter.<\/em><\/p>\n\n\n\n<p>First, the correlation between El Ni\u00f1o and winter conditions tends to be strongest in the latter part of the winter, after approximately New Year\u2019s Day. It is not unusual for an El Ni\u00f1o winter to start with some early cold snaps.<\/p>\n\n\n\n<p>Second, the correlation is between El Ni\u00f1o and milder average temperatures. It is entirely possible for there to be outlier events contrary to the general trend that determines an average; an overall warmer-than-average season can easily still feature a brief cold, snowy spell or two.<\/p>\n\n\n\n<p>Third, our winters usually feature at least one cold, snowy spell in the lowlands. Snow-free, or nearly snow-free, winters like the past one are decidedly unusual. Even our mild winters usually feature at least some lowland snow.<\/p>\n\n\n\n<p>So, to sum it up: Expect a milder-than-normal winter, but also expect some lowland snow. Do not expect a good ski season, but also do not expect a drought winter.<\/p>\n","protected":false},"excerpt":{"rendered":"<p>There is a lot of chatter about how we are in for a drought next year because we are in for an El Ni\u00f1o winter this year. This is not necessarily so. In fact, it is not very likely in my view. The strong correlation between El Ni\u00f1o and winter in this climate is with [&hellip;]<\/p>\n","protected":false},"author":1,"featured_media":0,"comment_status":"open","ping_status":"open","sticky":false,"template":"","format":"standard","meta":{"footnotes":""},"categories":[26],"tags":[],"class_list":["post-7012","post","type-post","status-publish","format-standard","hentry","category-weather"],"_links":{"self":[{"href":"https:\/\/blackcap.name\/blog\/new\/index.php?rest_route=\/wp\/v2\/posts\/7012","targetHints":{"allow":["GET"]}}],"collection":[{"href":"https:\/\/blackcap.name\/blog\/new\/index.php?rest_route=\/wp\/v2\/posts"}],"about":[{"href":"https:\/\/blackcap.name\/blog\/new\/index.php?rest_route=\/wp\/v2\/types\/post"}],"author":[{"embeddable":true,"href":"https:\/\/blackcap.name\/blog\/new\/index.php?rest_route=\/wp\/v2\/users\/1"}],"replies":[{"embeddable":true,"href":"https:\/\/blackcap.name\/blog\/new\/index.php?rest_route=%2Fwp%2Fv2%2Fcomments&post=7012"}],"version-history":[{"count":4,"href":"https:\/\/blackcap.name\/blog\/new\/index.php?rest_route=\/wp\/v2\/posts\/7012\/revisions"}],"predecessor-version":[{"id":7018,"href":"https:\/\/blackcap.name\/blog\/new\/index.php?rest_route=\/wp\/v2\/posts\/7012\/revisions\/7018"}],"wp:attachment":[{"href":"https:\/\/blackcap.name\/blog\/new\/index.php?rest_route=%2Fwp%2Fv2%2Fmedia&parent=7012"}],"wp:term":[{"taxonomy":"category","embeddable":true,"href":"https:\/\/blackcap.name\/blog\/new\/index.php?rest_route=%2Fwp%2Fv2%2Fcategories&post=7012"},{"taxonomy":"post_tag","embeddable":true,"href":"https:\/\/blackcap.name\/blog\/new\/index.php?rest_route=%2Fwp%2Fv2%2Ftags&post=7012"}],"curies":[{"name":"wp","href":"https:\/\/api.w.org\/{rel}","templated":true}]}}